{"id":6833,"date":"2025-12-12T14:55:27","date_gmt":"2025-12-12T19:55:27","guid":{"rendered":"https:\/\/communist-party.ca\/?p=6833"},"modified":"2025-12-12T14:55:28","modified_gmt":"2025-12-12T19:55:28","slug":"rapport-sur-le-41e-congres-central-du-parti-communiste-du-canada","status":"publish","type":"post","link":"https:\/\/communist-party.ca\/fr\/rapport-sur-le-41e-congres-central-du-parti-communiste-du-canada\/","title":{"rendered":"Rapport sur le 41e Congr\u00e8s central du Parti communiste du Canada"},"content":{"rendered":"<div class=\"wp-block-image\">\n<figure class=\"alignleft size-large is-resized\"><a href=\"https:\/\/communist-party.ca\/wp-content\/uploads\/2025\/12\/1-1.png\"><img loading=\"lazy\" decoding=\"async\" width=\"1024\" height=\"576\" src=\"https:\/\/communist-party.ca\/wp-content\/uploads\/2025\/12\/1-1-1024x576.png\" alt=\"\" class=\"wp-image-6834\" style=\"width:508px;height:auto\" srcset=\"https:\/\/communist-party.ca\/wp-content\/uploads\/2025\/12\/1-1-1024x576.png 1024w, https:\/\/communist-party.ca\/wp-content\/uploads\/2025\/12\/1-1-300x169.png 300w, https:\/\/communist-party.ca\/wp-content\/uploads\/2025\/12\/1-1-768x432.png 768w, https:\/\/communist-party.ca\/wp-content\/uploads\/2025\/12\/1-1-1536x864.png 1536w, https:\/\/communist-party.ca\/wp-content\/uploads\/2025\/12\/1-1-18x10.png 18w, https:\/\/communist-party.ca\/wp-content\/uploads\/2025\/12\/1-1.png 1600w\" sizes=\"auto, (max-width: 1024px) 100vw, 1024px\" \/><\/a><\/figure><\/div>\n\n\n<p>Le 41e Congr\u00e8s central du Parti communiste du Canada s&#8217;est tenu \u00e0 Montr\u00e9al du 5 au 7 d\u00e9cembre 2025, dans une p\u00e9riode cruciale et pr\u00e9occupante pour la classe ouvri\u00e8re au Canada et dans le monde entier. Il s&#8217;est r\u00e9uni dans un esprit d&#8217;unit\u00e9 politique, d\u00e9termin\u00e9 \u00e0 analyser et \u00e0 r\u00e9pondre \u00e0 la course acc\u00e9l\u00e9r\u00e9e de l&#8217;imp\u00e9rialisme vers la guerre mondiale, au virage \u00e0 droite du gouvernement f\u00e9d\u00e9ral et \u00e0 l&#8217;intensification rapide des attaques patronales. Les d\u00e9l\u00e9gu\u00e9s ont \u00e9valu\u00e9 la situation actuelle o\u00f9 le gouvernement Carney, utilisant les pressions tarifaires am\u00e9ricaines comme pr\u00e9texte, impose l\u2019aust\u00e9rit\u00e9, s&#8217;attaque aux droits d\u00e9mocratiques et augmente massivement les d\u00e9penses militaires, alors que des gr\u00e8ves importantes et la r\u00e9sistance populaire se d\u00e9veloppent dans tout le pays.<\/p>\n\n\n\n<!--more-->\n\n\n\n<p>Montr\u00e9al a \u00e9t\u00e9 choisie pour accueillir le Congr\u00e8s en partie parce que cette ann\u00e9e marque le 60e anniversaire de la fondation du Parti communiste du Qu\u00e9bec (PCQ) en tant qu&#8217;entit\u00e9 distincte au sein du PCC et parce que le PCQ a r\u00e9cemment retrouv\u00e9 son statut juridique de parti politique au niveau qu\u00e9b\u00e9cois. Le Congr\u00e8s a r\u00e9uni les d\u00e9l\u00e9gu\u00e9s \u00e9lus au cours de sept congr\u00e8s d\u2019investiture tenus \u00e0 travers le Canada en novembre, ainsi que les membres sortants du Comit\u00e9 central et des observateurs.<\/p>\n\n\n\n<p>Le caract\u00e8re internationaliste du mouvement communiste mondial a \u00e9t\u00e9 attest\u00e9 par des messages de salutations \u00e9crits de plus de 35 partis communistes et ouvriers fr\u00e8res. Des repr\u00e9sentants du Parti communiste soudanais, du Parti communiste chilien, du Parti communiste \u00e9tats-unien et du Parti communiste grec se sont adress\u00e9s au Congr\u00e8s en personne. Dany Tur de la Concepci\u00f3n, Chef de mission adjoint de l&#8217;ambassade de Cuba, et l&#8217;Ambassadeur du Vietnam au Canada, Pham Vinh Quang, ont \u00e9galement adress\u00e9 leurs salutations au Congr\u00e8s, renfor\u00e7ant ainsi les liens de solidarit\u00e9 internationale avec le Cuba et le Vietnam socialistes.<\/p>\n\n\n\n<p>Les discussions du Congr\u00e8s sur la situation mondiale ont port\u00e9 principalement sur l&#8217;aggravation de la crise syst\u00e9mique du capitalisme. Les d\u00e9l\u00e9gu\u00e9s ont analys\u00e9 une crise g\u00e9n\u00e9ralis\u00e9e de l&#8217;imp\u00e9rialisme marqu\u00e9e par le d\u00e9clin de l&#8217;h\u00e9g\u00e9monie \u00e9tats-unienne, l&#8217;instabilit\u00e9 \u00e9conomique et l&#8217;exacerbation de toutes les contradictions inh\u00e9rentes au capitalisme. L&#8217;\u00e9rosion de l&#8217;ordre unipolaire et l&#8217;\u00e9mergence d&#8217;un monde plus multipolaire ont \u00e9t\u00e9 consid\u00e9r\u00e9es comme remettant en cause la domination \u00e9tats-unienne, mais aussi comme cr\u00e9ant de nouvelles rivalit\u00e9s et de nouveaux dangers imp\u00e9rialistes, plut\u00f4t que comme repr\u00e9sentant un d\u00e9veloppement intrins\u00e8quement anti-imp\u00e9rialiste. Le Congr\u00e8s a identifi\u00e9 comme urgente la tendance acc\u00e9l\u00e9r\u00e9e au militarisme et \u00e0 la guerre, men\u00e9e par les \u00c9tats-Unis, qui pousse le monde vers une \u00e9conomie de guerre permanente et risque de conduire \u00e0 une confrontation nucl\u00e9aire. Cette agression se manifeste par le g\u00e9nocide \u00e0 Gaza, la guerre par procuration en Ukraine et une guerre \u00e9conomique globale, l&#8217;imp\u00e9rialisme \u00e9tats-unien d\u00e9signant la Chine comme son principal ennemi. Le Congr\u00e8s a discut\u00e9 des crimes de guerre et du g\u00e9nocide en cours en Palestine et au Soudan, ainsi que de la complicit\u00e9 du gouvernement canadien dans ces deux cas tel qu\u2019attest\u00e9 par le flux continu d\u2019armes canadiennes vers Isra\u00ebl et le Soudan.&nbsp;<\/p>\n\n\n\n<p>Fort de cette analyse, le Congr\u00e8s a conclu de la n\u00e9cessit\u00e9 d\u2019intensifier la lutte pour la paix. Les t\u00e2ches principales consistent \u00e0 renforcer le Congr\u00e8s canadien pour la paix et le Mouvement qu\u00e9b\u00e9cois pour la paix, \u00e0 lutter contre l&#8217;intensification de l&#8217;\u00e9conomie de guerre du Canada et \u00e0 prioriser et \u00e0 renforcer notre travail de solidarit\u00e9 avec Cuba et la Palestine. Le plan de travail pr\u00e9voit \u00e9galement le renforcement de la collaboration avec les partis communistes fr\u00e8res implant\u00e9s au Canada, en particulier le Parti communiste soudanais qui \u00e9prouve un besoin imp\u00e9rieux de solidarit\u00e9 dans sa lutte pour la paix.<\/p>\n\n\n\n<p>Le Congr\u00e8s a examin\u00e9 la situation politique canadienne, o\u00f9 la crise capitaliste alimente la croissance des mouvements d&#8217;extr\u00eame droite et n\u00e9ofascistes, parall\u00e8lement \u00e0 des politiques gouvernementales r\u00e9actionnaires qui \u00e9rodent les droits d\u00e9mocratiques. Alors que l&#8217;administration Trump menace de faire du Canada le 51e \u00c9tat et que tous les politiciens bourgeois se rallient au nationalisme canadien, l&#8217;\u00e9conomie canadienne est en fait de plus en plus subordonn\u00e9e \u00e0 l&#8217;imp\u00e9rialisme \u00e9tats-unien. Le nouveau gouvernement utilise la guerre tarifaire pour renforcer le pouvoir des entreprises, imposer l&#8217;aust\u00e9rit\u00e9, r\u00e9duire les programmes sociaux et augmenter les d\u00e9penses militaires, comme en t\u00e9moigne le r\u00e9cent budget f\u00e9d\u00e9ral. Devant cette offensive, la classe ouvri\u00e8re est engag\u00e9e dans une lutte de plus en plus intense, avec des gr\u00e8ves militantes de plus en plus fr\u00e9quentes.<\/p>\n\n\n\n<p>Le PCC pr\u00f4ne une alternative populaire : un programme antimonopoliste et anti-imp\u00e9rialiste pr\u00e9voyant la nationalisation de secteurs cl\u00e9s d\u2019activit\u00e9, une \u00e9conomie de plein emploi, la construction massive de logements sociaux, une politique commerciale multilat\u00e9rale et mutuellement avantageuse, le retrait de l&#8217;ACEUM, de l&#8217;OTAN et du NORAD, puis une politique \u00e9trang\u00e8re de paix et de d\u00e9sarmement. Afin de dynamiser la riposte, le Congr\u00e8s a r\u00e9it\u00e9r\u00e9 son appui \u00e0 l\u2019id\u00e9e d\u2019organiser les forces progressistes au sein du mouvement syndical afin de gagner le centre \u00e0 celles-ci et r\u00e9aliser l\u2019unit\u00e9 dans l\u2019action n\u00e9cessaire \u00e0 b\u00e2tir un mouvement syndical de classe. Le programme syndical sera mis \u00e0 jour \u00e9galement. Il a \u00e9t\u00e9 jug\u00e9 essentiel de mettre en place une riposte \u00e0 l&#8217;aust\u00e9rit\u00e9 \u00e0 l&#8217;\u00e9chelle du Canada, centr\u00e9e sur le prochain congr\u00e8s du Congr\u00e8s du travail du Canada. Reconnaissant que l&#8217;aust\u00e9rit\u00e9 et les mouvements r\u00e9actionnaires touchent de mani\u00e8re disproportionn\u00e9e les femmes et les personnes opprim\u00e9es en raison de leur genre, le Congr\u00e8s s&#8217;est \u00e9galement engag\u00e9 \u00e0 renforcer la lutte pour l&#8217;\u00e9galit\u00e9 des genres en organisant une r\u00e9union \u00e0 l&#8217;\u00e9chelle du Canada, en publiant un programme sp\u00e9cifique pour les femmes et les personnes opprim\u00e9es en raison de leur genre, et en s&#8217;appuyant sur les actions men\u00e9es \u00e0 l&#8217;occasion de la Journ\u00e9e internationale des femmes.<\/p>\n\n\n\n<p>L&#8217;une des pr\u00e9misses fondamentales du Congr\u00e8s \u00e9tait que pour traverser cette p\u00e9riode de crise, il faut un Parti communiste plus grand, plus disciplin\u00e9 et id\u00e9ologiquement renforc\u00e9. La solution ultime aux crises du capitalisme, de la guerre et de l&#8217;effondrement environnemental reste la transformation r\u00e9volutionnaire, l\u2019\u00e9dification du socialisme, guid\u00e9e par l&#8217;application scientifique du marxisme-l\u00e9ninisme. Afin de renforcer les capacit\u00e9s du Parti, le congr\u00e8s a donn\u00e9 la priorit\u00e9 \u00e0 l&#8217;\u00e9laboration de mat\u00e9riel \u00e9ducatif pour les cellules, \u00e0 l&#8217;organisation de formations pour les nouveaux membres et les cadres et \u00e0 la publication plus fr\u00e9quente de la revue th\u00e9orique <em>The Spark!<\/em><\/p>\n\n\n\n<p>L&#8217;accent a \u00e9t\u00e9 mis sur le renforcement de la presse du Parti, <em>People&#8217;s Voice<\/em> et <em>Clart\u00e9<\/em>, en tant que propagandistes, agitateurs et organisateurs collectifs. Tous les membres et amis doivent souscrire \u00e0 la presse. Le Parti mettra en place des plans de distribution et de discussion pour les cellules, organisera une campagne annuelle d\u2019abonnements, augmentera la fr\u00e9quence des mises \u00e0 jour en ligne et solidifiera une liste de diffusion. Le Congr\u00e8s a \u00e9galement insist\u00e9 sur la n\u00e9cessit\u00e9 de s&#8217;appuyer sur les campagnes pass\u00e9es du Parti en garantissant un meilleur appui organisationnel, notamment gr\u00e2ce \u00e0 des suivis plus r\u00e9guliers. Le travail essentiel de la Ligue de la jeunesse communiste (YCL-LJC) a \u00e9t\u00e9 soulign\u00e9 tout comme la n\u00e9cessit\u00e9 d&#8217;approfondir la collaboration entre le Parti et la Ligue en garantissant une approche organis\u00e9e du recrutement au sein de la YCL-LJC qui devrait recevoir les jeunes candidats en premier lieu.&nbsp;<\/p>\n\n\n\n<p>La discussion pr\u00e9-Congr\u00e8s s\u2019est traduite par une s\u00e9rie d\u2019amendements soumis au projet de r\u00e9solution politique. Ils ont renforc\u00e9 l&#8217;analyse de la r\u00e9solution sur plusieurs fronts : la n\u00e9cessit\u00e9 de la propri\u00e9t\u00e9 publique et du contr\u00f4le d\u00e9mocratique de l&#8217;intelligence artificielle; la n\u00e9cessit\u00e9 de construire une alliance antimonopoliste et anti-imp\u00e9rialiste comme v\u00e9ritable barri\u00e8re au fascisme \u00e0 ce stade, plut\u00f4t que de soutenir les forces \u00ab&nbsp;d\u00e9mocratiques&nbsp;\u00bb bourgeoises; l&#8217;utilisation de la guerre tarifaire pour attaquer les droits des Autochtones, la protection de l&#8217;environnement et les libert\u00e9s civiles (par exemple, les projets de loi C-2 et C-8); l&#8217;imp\u00e9ratif de lutter contre le racisme; les nouvelles attaques contre les droits politiques syndicaux au Qu\u00e9bec (projet de loi 3); la n\u00e9cessit\u00e9 de l&#8217;unit\u00e9 syndicale devant la ren\u00e9gociation de l&#8217;ACEUM; l&#8217;approfondissement de l&#8217;analyse et de la lutte contre la transphobie et la stigmatisation des personnes de genre divers et la condamnation des crimes d&#8217;Isra\u00ebl en Palestine et&nbsp; du renforcement de la position de l&#8217;imp\u00e9rialisme \u00e9tats-unien au Moyen-Orient. Plusieurs amendements ayant \u00e9t\u00e9 renvoy\u00e9s au Comit\u00e9 central \u00e9lu pour discussion approfondie, la r\u00e9solution politique finale devant \u00eatre publi\u00e9e au d\u00e9but de 2026.<\/p>\n\n\n\n<p>Outre la r\u00e9solution politique principale, le Congr\u00e8s a adopt\u00e9 plusieurs r\u00e9solutions sp\u00e9ciales importantes affirmant la position du Parti sur des luttes cruciales. Les d\u00e9l\u00e9gu\u00e9s ont solennellement comm\u00e9mor\u00e9 le massacre du 6 d\u00e9cembre 1989 \u00e0 l&#8217;\u00c9cole polytechnique de Montr\u00e9al, une attaque misogyne qui a co\u00fbt\u00e9 la vie \u00e0 14 femmes, et ont r\u00e9affirm\u00e9 l&#8217;engagement du parti dans la lutte pour mettre fin \u00e0 la violence sexiste et pour l&#8217;\u00e9galit\u00e9 totale des femmes et des personnes de genre divers. Une r\u00e9solution sp\u00e9ciale sur la crise mortelle des opio\u00efdes a \u00e9t\u00e9 adopt\u00e9e par le Congr\u00e8s. Des r\u00e9solutions de solidarit\u00e9 militante ont \u00e9t\u00e9 adopt\u00e9es avec : le Parti communiste soudanais et le peuple soudanais dans leur lutte pour la paix et la d\u00e9mocratie contre les crimes de guerre commis par des factions militaires rivales soutenues par des int\u00e9r\u00eats imp\u00e9rialistes concurrents ; le peuple cubain, exigeant la fin imm\u00e9diate du blocus criminel des \u00c9tats-Unis ; la classe ouvri\u00e8re et le peuple colombien dans le cadre des \u00e9lections pr\u00e9sidentielles de 2026 et de la lutte en cours pour la paix, le progr\u00e8s social et la lib\u00e9ration de tous les prisonniers politiques ; et le peuple v\u00e9n\u00e9zu\u00e9lien contre l\u2019escalade guerri\u00e8re et un possible changement de r\u00e9gime stipendi\u00e9 par Washington, exigeant la fin de la complicit\u00e9 du Canada dans ces efforts de d\u00e9stabilisation. Le Congr\u00e8s a condamn\u00e9 la r\u00e9cente interdiction du Parti communiste polonais dans le cadre d&#8217;une campagne anticommuniste plus large \u00e0 l&#8217;\u00e9chelle mondiale. Toutes les r\u00e9solutions adopt\u00e9es lors du congr\u00e8s seront diffus\u00e9es dans les prochains jours.<\/p>\n\n\n\n<p>Le Congr\u00e8s a \u00e9lu un nouveau Comit\u00e9 central garantissant un \u00e9quilibre entre renouveau et continuit\u00e9. Le nouveau Comit\u00e9 central refl\u00e8te le renouvellement des cadres au niveau des cellules et des provinces. Le Comit\u00e9 ex\u00e9cutif central (CEC), \u00e9lu par le nouveau CC, t\u00e9moigne \u00e9galement de cet \u00e9quilibre. Il comprend le nouveau Chef du Parti en Colombie-Britannique, Rob Crooks; le R\u00e9dacteur en chef de <em>People&#8217;s Voice<\/em>, Dave McKee; la R\u00e9dactrice en chef de <em>Spark!<\/em>, Jeanne McGuire; le Secr\u00e9taire g\u00e9n\u00e9ral de la Ligue de la jeunesse communiste, Ivan Byard; et le Secr\u00e9taire national du PCQ, Adrien Welsh.<\/p>\n\n\n\n<p>Le nouveau CEC comprend \u00e9galement Drew Garvie, \u00e9lu Chef du Parti par le Comit\u00e9 central, et Elizabeth Rowley, Cheffe sortante.<\/p>\n\n\n\n<p>Le nouveau Chef, Drew Garvie, apporte son exp\u00e9rience acquise au cours des dix derni\u00e8res ann\u00e9es au sein du Parti, o\u00f9 il a occup\u00e9 diverses fonctions. Politis\u00e9 lors des luttes contre les conservateurs de Harris en Ontario et la guerre en Irak en 2003, il a milit\u00e9 dans le mouvement \u00e9tudiant \u00e0 Guelph. Il a rejoint la Ligue de la jeunesse communiste en 2004 et en a \u00e9t\u00e9 \u00e9lu secr\u00e9taire g\u00e9n\u00e9ral en 2014. Il a occup\u00e9 le poste de Secr\u00e9taire \u00e0 l\u2019organisation du PCC en 2017 et, depuis 2019, celui de Secr\u00e9taire provincial de l&#8217;Ontario.<\/p>\n\n\n\n<p>Le Congr\u00e8s a salu\u00e9 Elizabeth Rowley pour ses 50 ans de travail au sein du Parti et ses 10 ans \u00e0 la t\u00eate de celui-ci. Elle continuera \u00e0 apporter sa contribution au Comit\u00e9 central et \u00e0 l&#8217;Ex\u00e9cutif central.<\/p>\n\n\n\n<p>Kimball Cariou, ancien Chef du Parti en Colombie-Britannique et R\u00e9dacteur en chef de longue date de <em>People&#8217;s Voice<\/em>, puis Miguel Figueroa, Chef du Parti de 1992 \u00e0 2015, tous deux membres de longue date du CEC, ont \u00e9t\u00e9 r\u00e9\u00e9lus au Comit\u00e9 central mais ont pris leur retraite du CEC. Le Congr\u00e8s les a remerci\u00e9s pour leurs d\u00e9cennies de service au sein de cet organe dirigeant.<\/p>\n\n\n\n<p>Le banquet du Congr\u00e8s a remport\u00e9 un vif succ\u00e8s avec plus de 150 membres et amis pr\u00e9sents. Au programme figuraient des discours d&#8217;invit\u00e9s internationaux, des prestations musicales faisant revivre les chants ouvriers et de lutte, un discours liminaire d&#8217;Elizabeth Rowley et des hommages \u00e0 sa contribution. Le Congr\u00e8s a adress\u00e9 ses sinc\u00e8res remerciements au Parti communiste du Qu\u00e9bec pour son excellent travail dans l&#8217;organisation d&#8217;un \u00e9v\u00e9nement harmonieux et r\u00e9ussi.<\/p>\n\n\n\n<p>Le Comit\u00e9 central nouvellement \u00e9lu tiendra son premier Pl\u00e9num au d\u00e9but de la nouvelle ann\u00e9e afin de mettre en place ses commissions permanentes et de commencer \u00e0 mettre en \u0153uvre le plan de travail adopt\u00e9 par le 41e Congr\u00e8s. Les d\u00e9l\u00e9gu\u00e9s ont quitt\u00e9 Montr\u00e9al avec la conviction que, en cette p\u00e9riode de guerre, de r\u00e9action et d&#8217;intensification des conflits de classe, la t\u00e2che de construire un Parti communiste puissant et de faire avancer la lutte pour un avenir de paix et socialiste est plus urgente que jamais. Le Congr\u00e8s a affirm\u00e9 que la voie \u00e0 suivre r\u00e9side dans la lutte organis\u00e9e et militante, seule porteuse d\u2019une alternative socialiste claire \u00e0 la barbarie du capitalisme en crise.<\/p>\n\n\n\n<p><em>Comit\u00e9 ex\u00e9cutif central<\/em>, <em>Parti communiste du Canada<\/em><\/p>","protected":false},"excerpt":{"rendered":"<p>Le 41e Congr\u00e8s central du Parti communiste du Canada s&#8217;est tenu \u00e0 Montr\u00e9al du 5 au 7 d\u00e9cembre 2025, dans une p\u00e9riode cruciale et pr\u00e9occupante pour la classe ouvri\u00e8re au Canada et dans le monde entier. Il s&#8217;est r\u00e9uni dans un esprit d&#8217;unit\u00e9 politique, d\u00e9termin\u00e9 \u00e0 analyser et \u00e0 r\u00e9pondre \u00e0 la course acc\u00e9l\u00e9r\u00e9e de&#8230;<\/p>","protected":false},"author":1,"featured_media":6834,"comment_status":"closed","ping_status":"closed","sticky":false,"template":"","format":"standard","meta":{"give_campaign_id":0,"_kadence_starter_templates_imported_post":false,"_kad_post_transparent":"","_kad_post_title":"","_kad_post_layout":"","_kad_post_sidebar_id":"","_kad_post_content_style":"","_kad_post_vertical_padding":"","_kad_post_feature":"","_kad_post_feature_position":"","_kad_post_header":false,"_kad_post_footer":false,"footnotes":""},"categories":[106],"tags":[177],"class_list":["post-6833","post","type-post","status-publish","format-standard","has-post-thumbnail","hentry","category-cpc","tag-declarations-francaises"],"_links":{"self":[{"href":"https:\/\/communist-party.ca\/fr\/wp-json\/wp\/v2\/posts\/6833","targetHints":{"allow":["GET"]}}],"collection":[{"href":"https:\/\/communist-party.ca\/fr\/wp-json\/wp\/v2\/posts"}],"about":[{"href":"https:\/\/communist-party.ca\/fr\/wp-json\/wp\/v2\/types\/post"}],"author":[{"embeddable":true,"href":"https:\/\/communist-party.ca\/fr\/wp-json\/wp\/v2\/users\/1"}],"replies":[{"embeddable":true,"href":"https:\/\/communist-party.ca\/fr\/wp-json\/wp\/v2\/comments?post=6833"}],"version-history":[{"count":1,"href":"https:\/\/communist-party.ca\/fr\/wp-json\/wp\/v2\/posts\/6833\/revisions"}],"predecessor-version":[{"id":6835,"href":"https:\/\/communist-party.ca\/fr\/wp-json\/wp\/v2\/posts\/6833\/revisions\/6835"}],"wp:featuredmedia":[{"embeddable":true,"href":"https:\/\/communist-party.ca\/fr\/wp-json\/wp\/v2\/media\/6834"}],"wp:attachment":[{"href":"https:\/\/communist-party.ca\/fr\/wp-json\/wp\/v2\/media?parent=6833"}],"wp:term":[{"taxonomy":"category","embeddable":true,"href":"https:\/\/communist-party.ca\/fr\/wp-json\/wp\/v2\/categories?post=6833"},{"taxonomy":"post_tag","embeddable":true,"href":"https:\/\/communist-party.ca\/fr\/wp-json\/wp\/v2\/tags?post=6833"}],"curies":[{"name":"wp","href":"https:\/\/api.w.org\/{rel}","templated":true}]}}