{"id":6779,"date":"2025-09-23T13:05:44","date_gmt":"2025-09-23T17:05:44","guid":{"rendered":"https:\/\/communist-party.ca\/?p=6779"},"modified":"2025-09-23T13:05:45","modified_gmt":"2025-09-23T17:05:45","slug":"pour-une-veritable-reconnaissance-de-letat-palestinien","status":"publish","type":"post","link":"https:\/\/communist-party.ca\/fr\/pour-une-veritable-reconnaissance-de-letat-palestinien\/","title":{"rendered":"Pour une v\u00e9ritable reconnaissance de l\u2019\u00c9tat palestinien"},"content":{"rendered":"<p>Le Parti communiste du Canada, r\u00e9uni en Comit\u00e9 central, accueille avec r\u00e9serve l\u2019annonce de la reconnaissance de l\u2019\u00c9tat de Palestine par le Premier Ministre, Mark Carney. Prononc\u00e9 le 30 juillet dernier, cet \u00ab engagement \u00bb suit ceux du Pr\u00e9sident fran\u00e7ais Macron, puis du Premier Ministre britannique Starmer non seulement sur le plan chronologique, mais aussi en termes de contenu.<\/p>\n\n\n\n<p>Dans les trois cas, la reconnaissance de l\u2019\u00c9tat palestinien est, \u00e0 degr\u00e9s divers, conditionnelle \u00e0 la \u00ab d\u00e9militarisation \u00bb de l\u2019\u00c9tat palestinien, la tenue d\u2019\u00e9lections en 2026 dans lesquelles le Hamas ne pourra jouer aucun r\u00f4le et des profondes r\u00e9formes en mati\u00e8re de gouvernance d\u00e9mocratique (lire ici n\u00e9olib\u00e9rales). Autrement dit, il s\u2019agit d\u2019une reconnaissance d\u2019un \u00c9tat sans lui garantir son droit \u00e0 l\u2019autod\u00e9termination, donc sans souverainet\u00e9.&nbsp;<\/p>\n\n\n\n<p>Effectivement, ni la France, ni la Grande-Bretagne, ni le Canada ne font r\u00e9f\u00e9rence aux fronti\u00e8res de ce putatif \u00c9tat, pas plus qu\u2019ils ne garantissent que J\u00e9rusalem-Est serait sa capitale. \u00c0 plus forte raison, ils brillent par leur mutisme sur la question du droit au retour des r\u00e9fugi\u00e9s de 1948. Sans ces garanties, cette reconnaissance sert essentiellement de monnaie d\u2019\u00e9change diplomatique.&nbsp;<\/p>\n\n\n\n<p>Pendant ce temps, le Canada comme ses acolytes de triade ressassent continuellement le \u00ab droit d\u2019Isra\u00ebl \u00e0 se d\u00e9fendre \u00bb, une ineptie en mati\u00e8re de droit international puisque ce levier juridique ne peut \u00eatre invoqu\u00e9 par une puissance occupante contre la population qu\u2019elle occupe. Ce faisant, ils se rendent complice du g\u00e9nocide en cours autant que de la brutale colonisation acc\u00e9l\u00e9r\u00e9e en Cisjordanie.<\/p>\n\n\n\n<p>Isra\u00ebl quant \u00e0 lui continue d\u2019occuper le Sud-Liban, le Golan, bombarde la sous-r\u00e9gion (Iran, Y\u00e9men, etc.) et abrite l\u2019arme nucl\u00e9aire. S\u2019il est un pays \u00e0 d\u00e9militariser, \u00e0 intimer de se conformer au droit international, c\u2019est bien lui. S\u2019il est une faction politique qui doit \u00eatre priv\u00e9e de toute influence dans la vie politique nationale, c\u2019est celle de Netanyahu et de ses alli\u00e9s, des sionistes qui n\u2019ont pour autre but avou\u00e9 que le g\u00e9nocide des Palestiniens.<\/p>\n\n\n\n<p>L\u2019heure n\u2019est pourtant pas \u00e0 jouer les Cassandre. Malgr\u00e9 toutes ces contradictions, on ne peut occulter le fait que cet engagement repr\u00e9sente une victoire des mouvements d\u00e9mocratiques, populaires et syndical. Ainsi, il n\u2019en revient qu\u2019\u00e0 nous pour transformer l\u2019essai et utiliser cette reconnaissance de l\u2019\u00c9tat palestinien sans illusions, mais comme levier pour nous assurer que, bien plus qu\u2019une monnaie d\u2019\u00e9change, elle ouvre de nouvelles perspectives de lutte pour une v\u00e9ritable reconnaissance de l\u2019\u00c9tat de Palestine en garantissant entre autres :<\/p>\n\n\n\n<ul class=\"wp-block-list\">\n<li>La cr\u00e9ation d\u2019un \u00c9tat palestinien <em>viable<\/em> dans les fronti\u00e8res d\u2019avant juin 1967 avec J\u00e9rusalem-Est pour capitale, solution consensuelle accept\u00e9e par l\u2019ensemble des mouvements de r\u00e9sistance palestiniens \u00e0 travers la D\u00e9claration de Beijing de 2024;<\/li>\n\n\n\n<li>Le d\u00e9mant\u00e8lement des colonies situ\u00e9es sur les territoires occup\u00e9s et le droit au retour des r\u00e9fugi\u00e9s de 1948;<\/li>\n\n\n\n<li>La lib\u00e9ration imm\u00e9diate des prisonniers politiques enferm\u00e9s en Isra\u00ebl;<\/li>\n\n\n\n<li>La d\u00e9militarisation d\u2019Isra\u00ebl, \u00e0 commencer par le d\u00e9mant\u00e8lement de son programme nucl\u00e9aire, puis l\u2019abolition des lois discriminatoires \u00e0 l\u2019\u00e9gard des Palestiniens.\u00a0\u00a0<\/li>\n<\/ul>\n\n\n\n<p>Pour y parvenir, le Parti communiste du Canada appelle, dans l\u2019imm\u00e9diat, \u00e0 :<\/p>\n\n\n\n<ul class=\"wp-block-list\">\n<li>Un cessez-le-feu imm\u00e9diat de la part d\u2019Isra\u00ebl et la fin imm\u00e9diate du g\u00e9nocide en cours;\u00a0<\/li>\n\n\n\n<li>Imposer un embargo bidirectionnel sur le trafic d\u2019armes entre les deux pays;<\/li>\n\n\n\n<li>Renforcer le mouvement de Boycott, d\u00e9sinvestissement et sanctions contre Isra\u00ebl, incluant le boycott acad\u00e9mique et institutionnel;<\/li>\n\n\n\n<li>Rompre les relations diplomatiques et commerciales avec Isra\u00ebl, incluant la fermeture du Bureau du Qu\u00e9bec \u00e0 Tel-Aviv;\u00a0<\/li>\n\n\n\n<li>L\u2019abolition du recrutement pour l\u2019Arm\u00e9e isra\u00e9lienne au Canada;<\/li>\n\n\n\n<li>Contrer activement la d\u00e9finition op\u00e9rationnelle de l\u2019antis\u00e9mitisme produite par l\u2019Alliance internationale pour la m\u00e9moire de l\u2019Holocauste qui sert les int\u00e9r\u00eats de ceux qui cherchent \u00e0 criminaliser la solidarit\u00e9 avec la Palestine.<\/li>\n<\/ul>\n\n\n\n<p>Plus g\u00e9n\u00e9ralement, nous avons pour devoir de contribuer au renforcement et \u00e0 l\u2019\u00e9largissement du mouvement de solidarit\u00e9 avec la Palestine. Si la lutte contre l\u2019imp\u00e9rialisme et l\u2019internationalisme prol\u00e9tarien constituent des imp\u00e9ratifs cruciaux pour les communistes et que ces enjeux sont au coeur de la lutte de lib\u00e9ration nationale que m\u00e8ne le peuple palestinien, il reste que celle-ci ne peut triompher que moyennant l\u2019appui actif que lui porteront les forces partisanes de la paix, progressistes, d\u00e9mocrates et toutes les gens de bonne volont\u00e9.<\/p>\n\n\n\n<p>Alors que la vaste majorit\u00e9 du monde appuie la Palestine, l\u2019heure n\u2019est pas \u00e0 la passivit\u00e9 ni aux boniments, mais \u00e0 l\u2019action d\u00e9cisive de sorte que le gouvernement Carney fasse usage de la \u201csouverainet\u00e9 canadienne\u201d pour isoler les forces promotrices du g\u00e9nocide en cours et, par le truchement d\u2019une v\u00e9ritable reconnaissance de l\u2019\u00c9tat palestinien, contribue \u00e0 barrer la route \u00e0 la guerre au Moyen-Orient.<\/p>\n\n\n\n<p><em>Comit\u00e9 central, Parti communiste du Canada<\/em><\/p>","protected":false},"excerpt":{"rendered":"<p>Le Parti communiste du Canada, r\u00e9uni en Comit\u00e9 central, accueille avec r\u00e9serve l\u2019annonce de la reconnaissance de l\u2019\u00c9tat de Palestine par le Premier Ministre, Mark Carney. Prononc\u00e9 le 30 juillet dernier, cet \u00ab engagement \u00bb suit ceux du Pr\u00e9sident fran\u00e7ais Macron, puis du Premier Ministre britannique Starmer non seulement sur le plan chronologique, mais aussi&#8230;<\/p>","protected":false},"author":1,"featured_media":6780,"comment_status":"closed","ping_status":"closed","sticky":false,"template":"","format":"standard","meta":{"give_campaign_id":0,"_kadence_starter_templates_imported_post":false,"_kad_post_transparent":"","_kad_post_title":"","_kad_post_layout":"","_kad_post_sidebar_id":"","_kad_post_content_style":"","_kad_post_vertical_padding":"","_kad_post_feature":"","_kad_post_feature_position":"","_kad_post_header":false,"_kad_post_footer":false,"footnotes":""},"categories":[38],"tags":[177],"class_list":["post-6779","post","type-post","status-publish","format-standard","has-post-thumbnail","hentry","category-palestine","tag-declarations-francaises"],"_links":{"self":[{"href":"https:\/\/communist-party.ca\/fr\/wp-json\/wp\/v2\/posts\/6779","targetHints":{"allow":["GET"]}}],"collection":[{"href":"https:\/\/communist-party.ca\/fr\/wp-json\/wp\/v2\/posts"}],"about":[{"href":"https:\/\/communist-party.ca\/fr\/wp-json\/wp\/v2\/types\/post"}],"author":[{"embeddable":true,"href":"https:\/\/communist-party.ca\/fr\/wp-json\/wp\/v2\/users\/1"}],"replies":[{"embeddable":true,"href":"https:\/\/communist-party.ca\/fr\/wp-json\/wp\/v2\/comments?post=6779"}],"version-history":[{"count":1,"href":"https:\/\/communist-party.ca\/fr\/wp-json\/wp\/v2\/posts\/6779\/revisions"}],"predecessor-version":[{"id":6781,"href":"https:\/\/communist-party.ca\/fr\/wp-json\/wp\/v2\/posts\/6779\/revisions\/6781"}],"wp:featuredmedia":[{"embeddable":true,"href":"https:\/\/communist-party.ca\/fr\/wp-json\/wp\/v2\/media\/6780"}],"wp:attachment":[{"href":"https:\/\/communist-party.ca\/fr\/wp-json\/wp\/v2\/media?parent=6779"}],"wp:term":[{"taxonomy":"category","embeddable":true,"href":"https:\/\/communist-party.ca\/fr\/wp-json\/wp\/v2\/categories?post=6779"},{"taxonomy":"post_tag","embeddable":true,"href":"https:\/\/communist-party.ca\/fr\/wp-json\/wp\/v2\/tags?post=6779"}],"curies":[{"name":"wp","href":"https:\/\/api.w.org\/{rel}","templated":true}]}}