{"id":3363,"date":"2019-10-17T13:00:38","date_gmt":"2019-10-17T17:00:38","guid":{"rendered":"https:\/\/communist-party.ca\/?p=3363"},"modified":"2019-10-18T11:40:13","modified_gmt":"2019-10-18T15:40:13","slug":"exigeons-le-retrait-immediat-des-troupes-turques-et-americaines-de-syrie","status":"publish","type":"post","link":"https:\/\/communist-party.ca\/fr\/exigeons-le-retrait-immediat-des-troupes-turques-et-americaines-de-syrie\/","title":{"rendered":"Exigeons le retrait imm\u00e9diat des troupes Turques et Am\u00e9ricaines de Syrie!"},"content":{"rendered":"<div class=\"wp-block-image\"><figure class=\"alignleft is-resized\"><img loading=\"lazy\" decoding=\"async\" src=\"https:\/\/communist-party.ca\/wp-content\/uploads\/2019\/10\/ErdoganTrudeau.jpg\" alt=\"\" class=\"wp-image-3360\" width=\"351\" height=\"184\" srcset=\"https:\/\/communist-party.ca\/wp-content\/uploads\/2019\/10\/ErdoganTrudeau.jpg 940w, https:\/\/communist-party.ca\/wp-content\/uploads\/2019\/10\/ErdoganTrudeau-300x157.jpg 300w, https:\/\/communist-party.ca\/wp-content\/uploads\/2019\/10\/ErdoganTrudeau-768x402.jpg 768w\" sizes=\"auto, (max-width: 351px) 100vw, 351px\" \/><\/figure><\/div>\n\n\n\n<p><strong>Arr\u00eatez les nouveaux plans de guerre des \u00c9tats-Unis en Syrie et dissolvez l&#8217;OTAN maintenant!<\/strong><\/p>\n\n\n\n<p>Le Parti communiste du Canada a condamn\u00e9 l&#8217;invasion turque\nde la Syrie apr\u00e8s l&#8217;annonce de Trump du retrait des forces am\u00e9ricaines, la qualifiant\nd&#8217;escalade dans la sale guerre men\u00e9e par les \u00c9tats-Unis et l&#8217;OTAN contre la\nSyrie. <\/p>\n\n\n\n<!--more-->\n\n\n\n<p>L&#8217;annonce de Trump \u00e9tait un signal tacite que les\n\u00c9tats-Unis ne bloqueraient pas les plans d&#8217;agression du gouvernement Erdogan\ncontre la population kurde vivant sur le territoire souverain de la Syrie. Le\nParti communiste exige le retrait imm\u00e9diat des forces turques engag\u00e9es dans un\nbain de sang contre les Kurdes apr\u00e8s qu\u2019elles eurent travers\u00e9 la\nfronti\u00e8re.&nbsp; Le gouvernement syrien s&#8217;est\nengag\u00e9 \u00e0 prot\u00e9ger les Kurdes des attaques turques \u00e0 la suite du retrait des\n\u00c9tats-Unis, et fait exactement cela en d\u00e9pla\u00e7ant des troupes \u00e0 l&#8217;int\u00e9rieur du\nterritoire syrien souverain pour se d\u00e9fendre contre les forces d&#8217;invasion.<\/p>\n\n\n\n<p>La d\u00e9sapprobation de Washington et d&#8217;Ottawa de cette\nagression militaire dangereuse et ill\u00e9gale par un pays membre de l&#8217;OTAN est\nhypocrite puisqu\u2019elle fait suite \u00e0 des ann\u00e9es d&#8217;efforts de la coalition\nmilitaire dirig\u00e9e par les \u00c9tats-Unis pour attiser la guerre en Syrie, dans le\nbut de renverser le gouvernement \u00e9lu et souverain d&#8217;Assad et de r\u00e9tablir\nl&#8217;influence et le contr\u00f4le des \u00c9tats-Unis sur le Moyen-Orient et l&#8217;Asie\ncentrale. L&#8217;invasion turque de la Syrie est le dernier d&#8217;une s\u00e9rie d&#8217;actes de\nguerre ill\u00e9gaux en vertu de la Charte des Nations Unies et elle menace de\nd\u00e9g\u00e9n\u00e9rer en une confrontation mondiale sans retour possible. La pr\u00e9sence de\ntroupes et de bases am\u00e9ricaines dans de nombreux pays de la r\u00e9gion est un\nfacteur d\u00e9stabilisateur et il faut obliger le retrait complet de ces forces.\nNous demandons \u00e9galement au gouvernement canadien de se retirer imm\u00e9diatement\nde l&#8217;OTAN et de pr\u00e9coniser la dissolution de ce pacte imp\u00e9rialiste dont le but\nest d&#8217;utiliser la force pour l\u2019expansion des int\u00e9r\u00eats strat\u00e9giques et militaires\ndes \u00c9tats-Unis dans le monde entier. Le Canada a besoin d&#8217;une politique\n\u00e9trang\u00e8re ind\u00e9pendante de paix et de d\u00e9sarmement, ax\u00e9e sur des solutions\npolitiques, et non sur la guerre et le militarisme. \n\nComit\u00e9 ex\u00e9cutif central, Parti communiste du Canada\n\n\n\n<\/p>","protected":false},"excerpt":{"rendered":"<p>Le Parti communiste du Canada a condamn\u00e9 l&#8217;invasion turque de la Syrie apr\u00e8s l&#8217;annonce de Trump du retrait des forces am\u00e9ricaines, la qualifiant d&#8217;escalade dans la sale guerre men\u00e9e par les \u00c9tats-Unis et l&#8217;OTAN contre la Syrie. <\/p>","protected":false},"author":1,"featured_media":0,"comment_status":"closed","ping_status":"closed","sticky":false,"template":"","format":"standard","meta":{"give_campaign_id":0,"_kadence_starter_templates_imported_post":false,"_kad_post_transparent":"","_kad_post_title":"","_kad_post_layout":"","_kad_post_sidebar_id":"","_kad_post_content_style":"","_kad_post_vertical_padding":"","_kad_post_feature":"","_kad_post_feature_position":"","_kad_post_header":false,"_kad_post_footer":false,"footnotes":""},"categories":[16,87,84,140],"tags":[177],"class_list":["post-3363","post","type-post","status-publish","format-standard","hentry","category-international-solidarity","category-nato","category-syria","category-turkey","tag-declarations-francaises"],"_links":{"self":[{"href":"https:\/\/communist-party.ca\/fr\/wp-json\/wp\/v2\/posts\/3363","targetHints":{"allow":["GET"]}}],"collection":[{"href":"https:\/\/communist-party.ca\/fr\/wp-json\/wp\/v2\/posts"}],"about":[{"href":"https:\/\/communist-party.ca\/fr\/wp-json\/wp\/v2\/types\/post"}],"author":[{"embeddable":true,"href":"https:\/\/communist-party.ca\/fr\/wp-json\/wp\/v2\/users\/1"}],"replies":[{"embeddable":true,"href":"https:\/\/communist-party.ca\/fr\/wp-json\/wp\/v2\/comments?post=3363"}],"version-history":[{"count":2,"href":"https:\/\/communist-party.ca\/fr\/wp-json\/wp\/v2\/posts\/3363\/revisions"}],"predecessor-version":[{"id":3365,"href":"https:\/\/communist-party.ca\/fr\/wp-json\/wp\/v2\/posts\/3363\/revisions\/3365"}],"wp:attachment":[{"href":"https:\/\/communist-party.ca\/fr\/wp-json\/wp\/v2\/media?parent=3363"}],"wp:term":[{"taxonomy":"category","embeddable":true,"href":"https:\/\/communist-party.ca\/fr\/wp-json\/wp\/v2\/categories?post=3363"},{"taxonomy":"post_tag","embeddable":true,"href":"https:\/\/communist-party.ca\/fr\/wp-json\/wp\/v2\/tags?post=3363"}],"curies":[{"name":"wp","href":"https:\/\/api.w.org\/{rel}","templated":true}]}}